{"id":3759,"date":"2022-10-16T17:01:38","date_gmt":"2022-10-16T15:01:38","guid":{"rendered":"https:\/\/freund-interim.com\/il-fornitore-giapponese-di-auto-in-italia-non-riesce-ad-aumentare-la-produzione\/"},"modified":"2023-06-03T11:54:36","modified_gmt":"2023-06-03T09:54:36","slug":"il-fornitore-giapponese-di-auto-in-italia-non-riesce-ad-aumentare-la-produzione","status":"publish","type":"post","link":"https:\/\/freund-interim.com\/it\/il-fornitore-giapponese-di-auto-in-italia-non-riesce-ad-aumentare-la-produzione\/","title":{"rendered":"Il fornitore giapponese di auto in Italia non riesce ad aumentare la produzione."},"content":{"rendered":"\t\t<div data-elementor-type=\"wp-post\" data-elementor-id=\"3759\" class=\"elementor elementor-3759 elementor-2007\" data-elementor-settings=\"{&quot;ha_cmc_init_switcher&quot;:&quot;no&quot;}\" data-elementor-post-type=\"post\">\n\t\t\t\t\t\t<section class=\"elementor-section elementor-top-section elementor-element elementor-element-37c9aabd elementor-section-full_width elementor-section-height-default elementor-section-height-default\" data-id=\"37c9aabd\" data-element_type=\"section\" data-settings=\"{&quot;_ha_eqh_enable&quot;:false}\">\n\t\t\t\t\t\t<div class=\"elementor-container elementor-column-gap-default\">\n\t\t\t\t\t<div class=\"elementor-column elementor-col-100 elementor-top-column elementor-element elementor-element-59f526dc\" data-id=\"59f526dc\" data-element_type=\"column\">\n\t\t\t<div class=\"elementor-widget-wrap elementor-element-populated\">\n\t\t\t\t\t\t<div class=\"elementor-element elementor-element-27144db5 elementor-widget elementor-widget-theme-post-featured-image elementor-widget-image\" data-id=\"27144db5\" data-element_type=\"widget\" data-widget_type=\"theme-post-featured-image.default\">\n\t\t\t\t<div class=\"elementor-widget-container\">\n\t\t\t\t\t\t\t\t\t\t\t\t\t\t\t<img fetchpriority=\"high\" decoding=\"async\" width=\"900\" height=\"400\" src=\"https:\/\/freund-interim.com\/wp-content\/uploads\/2022\/10\/Oliver-Freund-Interim-Management-projekt-11.jpg\" class=\"attachment-large size-large wp-image-3645\" alt=\"\" srcset=\"https:\/\/freund-interim.com\/wp-content\/uploads\/2022\/10\/Oliver-Freund-Interim-Management-projekt-11.jpg 900w, https:\/\/freund-interim.com\/wp-content\/uploads\/2022\/10\/Oliver-Freund-Interim-Management-projekt-11-300x133.jpg 300w, https:\/\/freund-interim.com\/wp-content\/uploads\/2022\/10\/Oliver-Freund-Interim-Management-projekt-11-768x341.jpg 768w\" sizes=\"(max-width: 900px) 100vw, 900px\" \/>\t\t\t\t\t\t\t\t\t\t\t\t\t\t\t<\/div>\n\t\t\t\t<\/div>\n\t\t\t\t<div class=\"elementor-element elementor-element-192e0909 elementor-widget elementor-widget-theme-post-title elementor-page-title elementor-widget-heading\" data-id=\"192e0909\" data-element_type=\"widget\" data-widget_type=\"theme-post-title.default\">\n\t\t\t\t<div class=\"elementor-widget-container\">\n\t\t\t\t\t<h3 class=\"elementor-heading-title elementor-size-default\">Il fornitore giapponese di auto in Italia non riesce ad aumentare la produzione.<\/h3>\t\t\t\t<\/div>\n\t\t\t\t<\/div>\n\t\t\t\t<section class=\"elementor-section elementor-inner-section elementor-element elementor-element-2b2bb1e4 elementor-section-boxed elementor-section-height-default elementor-section-height-default\" data-id=\"2b2bb1e4\" data-element_type=\"section\" data-settings=\"{&quot;_ha_eqh_enable&quot;:false}\">\n\t\t\t\t\t\t<div class=\"elementor-container elementor-column-gap-default\">\n\t\t\t\t\t<div class=\"elementor-column elementor-col-100 elementor-inner-column elementor-element elementor-element-644409cc\" data-id=\"644409cc\" data-element_type=\"column\">\n\t\t\t<div class=\"elementor-widget-wrap elementor-element-populated\">\n\t\t\t\t\t\t<div class=\"elementor-element elementor-element-438d5035 elementor-widget elementor-widget-theme-post-excerpt\" data-id=\"438d5035\" data-element_type=\"widget\" data-widget_type=\"theme-post-excerpt.default\">\n\t\t\t\t<div class=\"elementor-widget-container\">\n\t\t\t\t\tHa assunto la carica di Amministratore Delegato e di responsabile della BU, dopo aver effettuato con successo il turnaround dell'unit\u00e0.  \t\t\t\t<\/div>\n\t\t\t\t<\/div>\n\t\t\t\t\t<\/div>\n\t\t<\/div>\n\t\t\t\t\t<\/div>\n\t\t<\/section>\n\t\t\t\t<section class=\"elementor-section elementor-inner-section elementor-element elementor-element-536af3a elementor-section-boxed elementor-section-height-default elementor-section-height-default\" data-id=\"536af3a\" data-element_type=\"section\" data-settings=\"{&quot;background_background&quot;:&quot;classic&quot;,&quot;_ha_eqh_enable&quot;:false}\">\n\t\t\t\t\t\t<div class=\"elementor-container elementor-column-gap-default\">\n\t\t\t\t\t<div class=\"elementor-column elementor-col-50 elementor-inner-column elementor-element elementor-element-6c9d6d0\" data-id=\"6c9d6d0\" data-element_type=\"column\" data-settings=\"{&quot;background_background&quot;:&quot;classic&quot;}\">\n\t\t\t<div class=\"elementor-widget-wrap elementor-element-populated\">\n\t\t\t\t\t\t<div class=\"elementor-element elementor-element-1f704f0 elementor-widget elementor-widget-heading\" data-id=\"1f704f0\" data-element_type=\"widget\" data-widget_type=\"heading.default\">\n\t\t\t\t<div class=\"elementor-widget-container\">\n\t\t\t\t\t<h2 class=\"elementor-heading-title elementor-size-default\">Azienda<\/h2>\t\t\t\t<\/div>\n\t\t\t\t<\/div>\n\t\t\t\t<div class=\"elementor-element elementor-element-48683d1 elementor-widget elementor-widget-text-editor\" data-id=\"48683d1\" data-element_type=\"widget\" data-widget_type=\"text-editor.default\">\n\t\t\t\t<div class=\"elementor-widget-container\">\n\t\t\t\t\t\t\t\t\t<p><strong>Societ\u00e0 madre<\/strong><\/p>\n<ul>\n<li>Fatturato circa 15.000 milioni di euro<\/li>\n<li>Dipendenti circa 280.000<\/li>\n<\/ul>\n<p><strong>Unit\u00e0 italiana di un Tier-1 giapponese  <\/strong><\/p>\n<ul>\n<li>Fatturato circa 250 milioni di euro<\/li>\n<li>Dipendenti 130<\/li>\n<\/ul>\n\t\t\t\t\t\t\t\t<\/div>\n\t\t\t\t<\/div>\n\t\t\t\t\t<\/div>\n\t\t<\/div>\n\t\t\t\t<div class=\"elementor-column elementor-col-50 elementor-inner-column elementor-element elementor-element-1283c29\" data-id=\"1283c29\" data-element_type=\"column\" data-settings=\"{&quot;background_background&quot;:&quot;classic&quot;}\">\n\t\t\t<div class=\"elementor-widget-wrap elementor-element-populated\">\n\t\t\t\t\t\t<div class=\"elementor-element elementor-element-9aa72d1 elementor-widget elementor-widget-heading\" data-id=\"9aa72d1\" data-element_type=\"widget\" data-widget_type=\"heading.default\">\n\t\t\t\t<div class=\"elementor-widget-container\">\n\t\t\t\t\t<h2 class=\"elementor-heading-title elementor-size-default\">Situazione iniziale<\/h2>\t\t\t\t<\/div>\n\t\t\t\t<\/div>\n\t\t\t\t<div class=\"elementor-element elementor-element-34a8ead elementor-widget elementor-widget-text-editor\" data-id=\"34a8ead\" data-element_type=\"widget\" data-widget_type=\"text-editor.default\">\n\t\t\t\t<div class=\"elementor-widget-container\">\n\t\t\t\t\t\t\t\t\t<p>L&#8217;unit\u00e0 italiana di un Tier-1 giapponese nel settore elettrico\/elettronico mostra molti sintomi di non essere in grado di affrontare l&#8217;avviamento in serie di un OEM appena avviato. Le aspettative di guadagno sono ad alto rischio. I segnali al consiglio di amministrazione e al cliente sono contraddittori e non vengono mantenuti. Altre questioni future non sono (sufficientemente) definite. L&#8217;amministrazione non \u00e8 all&#8217;altezza della (nuova) attivit\u00e0. La fiducia nella dirigenza \u00e8 molto forte.<\/p>\n\t\t\t\t\t\t\t\t<\/div>\n\t\t\t\t<\/div>\n\t\t\t\t<div class=\"elementor-element elementor-element-73d264a elementor-widget elementor-widget-spacer\" data-id=\"73d264a\" data-element_type=\"widget\" data-widget_type=\"spacer.default\">\n\t\t\t\t<div class=\"elementor-widget-container\">\n\t\t\t\t\t\t\t<div class=\"elementor-spacer\">\n\t\t\t<div class=\"elementor-spacer-inner\"><\/div>\n\t\t<\/div>\n\t\t\t\t\t\t<\/div>\n\t\t\t\t<\/div>\n\t\t\t\t\t<\/div>\n\t\t<\/div>\n\t\t\t\t\t<\/div>\n\t\t<\/section>\n\t\t\t\t<section class=\"elementor-section elementor-inner-section elementor-element elementor-element-7bb94ac7 elementor-section-boxed elementor-section-height-default elementor-section-height-default\" data-id=\"7bb94ac7\" data-element_type=\"section\" data-settings=\"{&quot;_ha_eqh_enable&quot;:false}\">\n\t\t\t\t\t\t<div class=\"elementor-container elementor-column-gap-default\">\n\t\t\t\t\t<div class=\"elementor-column elementor-col-100 elementor-inner-column elementor-element elementor-element-22aca653\" data-id=\"22aca653\" data-element_type=\"column\" data-settings=\"{&quot;background_background&quot;:&quot;classic&quot;}\">\n\t\t\t<div class=\"elementor-widget-wrap elementor-element-populated\">\n\t\t\t\t\t\t<div class=\"elementor-element elementor-element-f95adbc elementor-widget elementor-widget-heading\" data-id=\"f95adbc\" data-element_type=\"widget\" data-widget_type=\"heading.default\">\n\t\t\t\t<div class=\"elementor-widget-container\">\n\t\t\t\t\t<h2 class=\"elementor-heading-title elementor-size-default\">Il mio approccio<\/h2>\t\t\t\t<\/div>\n\t\t\t\t<\/div>\n\t\t\t\t<div class=\"elementor-element elementor-element-6866b6c1 elementor-widget elementor-widget-text-editor\" data-id=\"6866b6c1\" data-element_type=\"widget\" data-widget_type=\"text-editor.default\">\n\t\t\t\t<div class=\"elementor-widget-container\">\n\t\t\t\t\t\t\t\t\t<ul>\n<li>Creazione di una situazione trasparente del progetto e della situazione generale (ingegneria \/ funzionamento \/ amministrazione)<\/li>\n<li>Creazione di una task force (progetto in corso) e di una gestione del progetto con tutte le parti interessate (tutti i progetti).<\/li>\n<li>Creazione di un circolo di leadership con responsabilit\u00e0 e diritti<\/li>\n<li>Visite continue alle fabbriche e coinvolgimento nei progetti in corso<\/li>\n<li>Tech Day in Giappone per definire prodotti diversificati<\/li>\n<li>Creazione di una strategia unificata di prodotto\/produzione e cliente<\/li>\n<li>Formazione dei dipendenti dopo intensi colloqui individuali\n<ul>\n<li>Accordi mirati<\/li>\n<li>Monitoraggio della situazione<\/li>\n<li>Correzione\/intervento in temi operativi<\/li>\n<\/ul>\n<\/li>\n<li style=\"list-style-type: none;\"> <\/li>\n<\/ul>\n\t\t\t\t\t\t\t\t<\/div>\n\t\t\t\t<\/div>\n\t\t\t\t\t<\/div>\n\t\t<\/div>\n\t\t\t\t\t<\/div>\n\t\t<\/section>\n\t\t\t\t\t<\/div>\n\t\t<\/div>\n\t\t\t\t\t<\/div>\n\t\t<\/section>\n\t\t\t\t<section class=\"elementor-section elementor-top-section elementor-element elementor-element-6ed413d4 elementor-section-boxed elementor-section-height-default elementor-section-height-default\" data-id=\"6ed413d4\" data-element_type=\"section\" data-settings=\"{&quot;_ha_eqh_enable&quot;:false}\">\n\t\t\t\t\t\t<div class=\"elementor-container elementor-column-gap-default\">\n\t\t\t\t\t<div class=\"elementor-column elementor-col-100 elementor-top-column elementor-element elementor-element-70e5739b\" data-id=\"70e5739b\" data-element_type=\"column\">\n\t\t\t<div class=\"elementor-widget-wrap elementor-element-populated\">\n\t\t\t\t\t\t<section class=\"elementor-section elementor-inner-section elementor-element elementor-element-650aa54 elementor-section-boxed elementor-section-height-default elementor-section-height-default\" data-id=\"650aa54\" data-element_type=\"section\" data-settings=\"{&quot;_ha_eqh_enable&quot;:false}\">\n\t\t\t\t\t\t<div class=\"elementor-container elementor-column-gap-default\">\n\t\t\t\t\t<div class=\"elementor-column elementor-col-100 elementor-inner-column elementor-element elementor-element-9deefd8\" data-id=\"9deefd8\" data-element_type=\"column\" data-settings=\"{&quot;background_background&quot;:&quot;classic&quot;}\">\n\t\t\t<div class=\"elementor-widget-wrap elementor-element-populated\">\n\t\t\t\t\t\t<div class=\"elementor-element elementor-element-32505a6 elementor-widget elementor-widget-heading\" data-id=\"32505a6\" data-element_type=\"widget\" data-widget_type=\"heading.default\">\n\t\t\t\t<div class=\"elementor-widget-container\">\n\t\t\t\t\t<h2 class=\"elementor-heading-title elementor-size-default\">I successi<\/h2>\t\t\t\t<\/div>\n\t\t\t\t<\/div>\n\t\t\t\t<div class=\"elementor-element elementor-element-97560a9 elementor-widget elementor-widget-text-editor\" data-id=\"97560a9\" data-element_type=\"widget\" data-widget_type=\"text-editor.default\">\n\t\t\t\t<div class=\"elementor-widget-container\">\n\t\t\t\t\t\t\t\t\t<ul>\n<li>Aumentare la redditivit\u00e0 attraverso la definizione e il monitoraggio degli obiettivi per tutte le funzioni pertinenti (acquisti, produzione, sviluppo, vendite, ecc.).<\/li>\n<li>Creazione di una strategia per il cliente, coordinamento con il cliente e definizione congiunta della diversificazione dei prodotti.<\/li>\n<li>EBIT in pareggio dopo 8 mesi (unit\u00e0 precedentemente non redditizia \/ commodity con bassi margini)<\/li>\n<li>processi (finanziari) pi\u00f9 sicuri ed efficaci<\/li>\n<li>L&#8217;unit\u00e0 ha un futuro nel mercato (e nel Gruppo) ed \u00e8 considerata un &#8220;benchmark&#8221; in parti del Gruppo.<\/li>\n<li>Crescita futura in un mercato altamente competitivo assicurata da una diversificazione di prodotto di successo<\/li>\n<li style=\"list-style-type: none;\"> <\/li>\n<\/ul>\n\t\t\t\t\t\t\t\t<\/div>\n\t\t\t\t<\/div>\n\t\t\t\t\t<\/div>\n\t\t<\/div>\n\t\t\t\t\t<\/div>\n\t\t<\/section>\n\t\t\t\t<div class=\"elementor-element elementor-element-892f085 elementor-widget elementor-widget-spacer\" data-id=\"892f085\" data-element_type=\"widget\" data-widget_type=\"spacer.default\">\n\t\t\t\t<div class=\"elementor-widget-container\">\n\t\t\t\t\t\t\t<div class=\"elementor-spacer\">\n\t\t\t<div class=\"elementor-spacer-inner\"><\/div>\n\t\t<\/div>\n\t\t\t\t\t\t<\/div>\n\t\t\t\t<\/div>\n\t\t\t\t<div class=\"elementor-element elementor-element-741e3228 elementor-widget elementor-widget-text-editor\" data-id=\"741e3228\" data-element_type=\"widget\" data-widget_type=\"text-editor.default\">\n\t\t\t\t<div class=\"elementor-widget-container\">\n\t\t\t\t\t\t\t\t\t<p>Condivisione in rete<\/p>\n\t\t\t\t\t\t\t\t<\/div>\n\t\t\t\t<\/div>\n\t\t\t\t<div class=\"elementor-element elementor-element-1bca1ac elementor-share-buttons--view-icon elementor-share-buttons--skin-minimal elementor-share-buttons--shape-circle elementor-share-buttons--align-left elementor-share-buttons--color-custom elementor-grid-0 elementor-widget elementor-widget-share-buttons\" data-id=\"1bca1ac\" data-element_type=\"widget\" data-widget_type=\"share-buttons.default\">\n\t\t\t\t<div class=\"elementor-widget-container\">\n\t\t\t\t\t\t\t<div class=\"elementor-grid\" role=\"list\">\n\t\t\t\t\t\t\t\t<div class=\"elementor-grid-item\" role=\"listitem\">\n\t\t\t\t\t\t<div class=\"elementor-share-btn elementor-share-btn_xing\" role=\"button\" tabindex=\"0\" aria-label=\"Condividi su xing\">\n\t\t\t\t\t\t\t\t\t\t\t\t\t\t\t<span class=\"elementor-share-btn__icon\">\n\t\t\t\t\t\t\t\t<i class=\"fab fa-xing\" aria-hidden=\"true\"><\/i>\t\t\t\t\t\t\t<\/span>\n\t\t\t\t\t\t\t\t\t\t\t\t\t\t\t\t\t\t\t\t<\/div>\n\t\t\t\t\t<\/div>\n\t\t\t\t\t\t\t\t\t<div class=\"elementor-grid-item\" role=\"listitem\">\n\t\t\t\t\t\t<div class=\"elementor-share-btn elementor-share-btn_linkedin\" role=\"button\" tabindex=\"0\" aria-label=\"Condividi su linkedin\">\n\t\t\t\t\t\t\t\t\t\t\t\t\t\t\t<span class=\"elementor-share-btn__icon\">\n\t\t\t\t\t\t\t\t<i class=\"fab fa-linkedin\" aria-hidden=\"true\"><\/i>\t\t\t\t\t\t\t<\/span>\n\t\t\t\t\t\t\t\t\t\t\t\t\t\t\t\t\t\t\t\t<\/div>\n\t\t\t\t\t<\/div>\n\t\t\t\t\t\t\t\t\t<div class=\"elementor-grid-item\" role=\"listitem\">\n\t\t\t\t\t\t<div class=\"elementor-share-btn elementor-share-btn_twitter\" role=\"button\" tabindex=\"0\" aria-label=\"Condividi su twitter\">\n\t\t\t\t\t\t\t\t\t\t\t\t\t\t\t<span class=\"elementor-share-btn__icon\">\n\t\t\t\t\t\t\t\t<i class=\"fab fa-twitter\" aria-hidden=\"true\"><\/i>\t\t\t\t\t\t\t<\/span>\n\t\t\t\t\t\t\t\t\t\t\t\t\t\t\t\t\t\t\t\t<\/div>\n\t\t\t\t\t<\/div>\n\t\t\t\t\t\t\t\t\t<div class=\"elementor-grid-item\" role=\"listitem\">\n\t\t\t\t\t\t<div class=\"elementor-share-btn elementor-share-btn_email\" role=\"button\" tabindex=\"0\" aria-label=\"Condividi su email\">\n\t\t\t\t\t\t\t\t\t\t\t\t\t\t\t<span class=\"elementor-share-btn__icon\">\n\t\t\t\t\t\t\t\t<i class=\"fas fa-envelope\" aria-hidden=\"true\"><\/i>\t\t\t\t\t\t\t<\/span>\n\t\t\t\t\t\t\t\t\t\t\t\t\t\t\t\t\t\t\t\t<\/div>\n\t\t\t\t\t<\/div>\n\t\t\t\t\t\t<\/div>\n\t\t\t\t\t\t<\/div>\n\t\t\t\t<\/div>\n\t\t\t\t\t<\/div>\n\t\t<\/div>\n\t\t\t\t\t<\/div>\n\t\t<\/section>\n\t\t\t\t<\/div>\n\t\t","protected":false},"excerpt":{"rendered":"<p>Ha assunto la carica di Amministratore Delegato e di responsabile della BU, dopo aver effettuato con successo il turnaround dell&#8217;unit\u00e0.  <\/p>\n","protected":false},"author":1,"featured_media":3645,"comment_status":"closed","ping_status":"open","sticky":false,"template":"","format":"standard","meta":{"site-sidebar-layout":"default","site-content-layout":"","ast-site-content-layout":"default","site-content-style":"default","site-sidebar-style":"default","ast-global-header-display":"","ast-banner-title-visibility":"","ast-main-header-display":"","ast-hfb-above-header-display":"","ast-hfb-below-header-display":"","ast-hfb-mobile-header-display":"","site-post-title":"","ast-breadcrumbs-content":"","ast-featured-img":"","footer-sml-layout":"","theme-transparent-header-meta":"","adv-header-id-meta":"","stick-header-meta":"","header-above-stick-meta":"","header-main-stick-meta":"","header-below-stick-meta":"","astra-migrate-meta-layouts":"default","ast-page-background-enabled":"default","ast-page-background-meta":{"desktop":{"background-color":"var(--ast-global-color-4)","background-image":"","background-repeat":"repeat","background-position":"center center","background-size":"auto","background-attachment":"scroll","background-type":"","background-media":"","overlay-type":"","overlay-color":"","overlay-opacity":"","overlay-gradient":""},"tablet":{"background-color":"","background-image":"","background-repeat":"repeat","background-position":"center center","background-size":"auto","background-attachment":"scroll","background-type":"","background-media":"","overlay-type":"","overlay-color":"","overlay-opacity":"","overlay-gradient":""},"mobile":{"background-color":"","background-image":"","background-repeat":"repeat","background-position":"center center","background-size":"auto","background-attachment":"scroll","background-type":"","background-media":"","overlay-type":"","overlay-color":"","overlay-opacity":"","overlay-gradient":""}},"ast-content-background-meta":{"desktop":{"background-color":"var(--ast-global-color-5)","background-image":"","background-repeat":"repeat","background-position":"center center","background-size":"auto","background-attachment":"scroll","background-type":"","background-media":"","overlay-type":"","overlay-color":"","overlay-opacity":"","overlay-gradient":""},"tablet":{"background-color":"var(--ast-global-color-5)","background-image":"","background-repeat":"repeat","background-position":"center center","background-size":"auto","background-attachment":"scroll","background-type":"","background-media":"","overlay-type":"","overlay-color":"","overlay-opacity":"","overlay-gradient":""},"mobile":{"background-color":"var(--ast-global-color-5)","background-image":"","background-repeat":"repeat","background-position":"center center","background-size":"auto","background-attachment":"scroll","background-type":"","background-media":"","overlay-type":"","overlay-color":"","overlay-opacity":"","overlay-gradient":""}},"footnotes":""},"categories":[19],"tags":[],"class_list":["post-3759","post","type-post","status-publish","format-standard","has-post-thumbnail","hentry","category-non-categorizzato"],"yoast_head":"<!-- This site is optimized with the Yoast SEO plugin v25.5 - https:\/\/yoast.com\/wordpress\/plugins\/seo\/ -->\n<title>| %<\/title>\n<meta name=\"description\" content=\"Ha assunto la carica di Amministratore Delegato e di responsabile della BU, dopo aver effettuato con successo il turnaround dell&#039;unit\u00e0. L&#039;unit\u00e0 italiana di un Tier-1 giapponese nel settore elettrico\/elettronico mostra molti sintomi di non essere in grado di affrontare l&#039;avviamento in serie di un OEM appena avviato.\" \/>\n<meta name=\"robots\" content=\"index, follow, max-snippet:-1, max-image-preview:large, max-video-preview:-1\" \/>\n<link rel=\"canonical\" href=\"https:\/\/freund-interim.com\/it\/il-fornitore-giapponese-di-auto-in-italia-non-riesce-ad-aumentare-la-produzione\/\" \/>\n<meta property=\"og:locale\" content=\"it_IT\" \/>\n<meta property=\"og:type\" content=\"article\" \/>\n<meta property=\"og:title\" content=\"| %\" \/>\n<meta property=\"og:description\" content=\"Ha assunto la carica di Amministratore Delegato e di responsabile della BU, dopo aver effettuato con successo il turnaround dell&#039;unit\u00e0. L&#039;unit\u00e0 italiana di un Tier-1 giapponese nel settore elettrico\/elettronico mostra molti sintomi di non essere in grado di affrontare l&#039;avviamento in serie di un OEM appena avviato.\" \/>\n<meta property=\"og:url\" content=\"https:\/\/freund-interim.com\/it\/il-fornitore-giapponese-di-auto-in-italia-non-riesce-ad-aumentare-la-produzione\/\" \/>\n<meta property=\"og:site_name\" content=\"Oliver Freund\" \/>\n<meta property=\"article:published_time\" content=\"2022-10-16T15:01:38+00:00\" \/>\n<meta property=\"article:modified_time\" content=\"2023-06-03T09:54:36+00:00\" \/>\n<meta property=\"og:image\" content=\"https:\/\/freund-interim.com\/wp-content\/uploads\/2022\/10\/Oliver-Freund-Interim-Management-projekt-11.jpg\" \/>\n\t<meta property=\"og:image:width\" content=\"900\" \/>\n\t<meta property=\"og:image:height\" content=\"400\" \/>\n\t<meta property=\"og:image:type\" content=\"image\/jpeg\" \/>\n<meta name=\"author\" content=\"MothoMe\" \/>\n<meta name=\"twitter:card\" content=\"summary_large_image\" \/>\n<meta name=\"twitter:label1\" content=\"Scritto da\" \/>\n\t<meta name=\"twitter:data1\" content=\"MothoMe\" \/>\n\t<meta name=\"twitter:label2\" content=\"Tempo di lettura stimato\" \/>\n\t<meta name=\"twitter:data2\" content=\"1 minuto\" \/>\n<script type=\"application\/ld+json\" class=\"yoast-schema-graph\">{\"@context\":\"https:\/\/schema.org\",\"@graph\":[{\"@type\":\"Article\",\"@id\":\"https:\/\/freund-interim.com\/it\/il-fornitore-giapponese-di-auto-in-italia-non-riesce-ad-aumentare-la-produzione\/#article\",\"isPartOf\":{\"@id\":\"https:\/\/freund-interim.com\/it\/il-fornitore-giapponese-di-auto-in-italia-non-riesce-ad-aumentare-la-produzione\/\"},\"author\":{\"name\":\"MothoMe\",\"@id\":\"https:\/\/freund-interim.com\/it\/#\/schema\/person\/908b5bfc34d016103c946ddbaea225d4\"},\"headline\":\"Il fornitore giapponese di auto in Italia non riesce ad aumentare la produzione.\",\"datePublished\":\"2022-10-16T15:01:38+00:00\",\"dateModified\":\"2023-06-03T09:54:36+00:00\",\"mainEntityOfPage\":{\"@id\":\"https:\/\/freund-interim.com\/it\/il-fornitore-giapponese-di-auto-in-italia-non-riesce-ad-aumentare-la-produzione\/\"},\"wordCount\":301,\"publisher\":{\"@id\":\"https:\/\/freund-interim.com\/it\/#\/schema\/person\/8401dcfebe6e946cea922998fbabd2f4\"},\"image\":{\"@id\":\"https:\/\/freund-interim.com\/it\/il-fornitore-giapponese-di-auto-in-italia-non-riesce-ad-aumentare-la-produzione\/#primaryimage\"},\"thumbnailUrl\":\"https:\/\/freund-interim.com\/wp-content\/uploads\/2022\/10\/Oliver-Freund-Interim-Management-projekt-11.jpg\",\"articleSection\":[\"Non categorizzato\"],\"inLanguage\":\"it-IT\"},{\"@type\":\"WebPage\",\"@id\":\"https:\/\/freund-interim.com\/it\/il-fornitore-giapponese-di-auto-in-italia-non-riesce-ad-aumentare-la-produzione\/\",\"url\":\"https:\/\/freund-interim.com\/it\/il-fornitore-giapponese-di-auto-in-italia-non-riesce-ad-aumentare-la-produzione\/\",\"name\":\"| %\",\"isPartOf\":{\"@id\":\"https:\/\/freund-interim.com\/it\/#website\"},\"primaryImageOfPage\":{\"@id\":\"https:\/\/freund-interim.com\/it\/il-fornitore-giapponese-di-auto-in-italia-non-riesce-ad-aumentare-la-produzione\/#primaryimage\"},\"image\":{\"@id\":\"https:\/\/freund-interim.com\/it\/il-fornitore-giapponese-di-auto-in-italia-non-riesce-ad-aumentare-la-produzione\/#primaryimage\"},\"thumbnailUrl\":\"https:\/\/freund-interim.com\/wp-content\/uploads\/2022\/10\/Oliver-Freund-Interim-Management-projekt-11.jpg\",\"datePublished\":\"2022-10-16T15:01:38+00:00\",\"dateModified\":\"2023-06-03T09:54:36+00:00\",\"description\":\"Ha assunto la carica di Amministratore Delegato e di responsabile della BU, dopo aver effettuato con successo il turnaround dell'unit\u00e0. L'unit\u00e0 italiana di un Tier-1 giapponese nel settore elettrico\/elettronico mostra molti sintomi di non essere in grado di affrontare l'avviamento in serie di un OEM appena avviato.\",\"breadcrumb\":{\"@id\":\"https:\/\/freund-interim.com\/it\/il-fornitore-giapponese-di-auto-in-italia-non-riesce-ad-aumentare-la-produzione\/#breadcrumb\"},\"inLanguage\":\"it-IT\",\"potentialAction\":[{\"@type\":\"ReadAction\",\"target\":[\"https:\/\/freund-interim.com\/it\/il-fornitore-giapponese-di-auto-in-italia-non-riesce-ad-aumentare-la-produzione\/\"]}]},{\"@type\":\"ImageObject\",\"inLanguage\":\"it-IT\",\"@id\":\"https:\/\/freund-interim.com\/it\/il-fornitore-giapponese-di-auto-in-italia-non-riesce-ad-aumentare-la-produzione\/#primaryimage\",\"url\":\"https:\/\/freund-interim.com\/wp-content\/uploads\/2022\/10\/Oliver-Freund-Interim-Management-projekt-11.jpg\",\"contentUrl\":\"https:\/\/freund-interim.com\/wp-content\/uploads\/2022\/10\/Oliver-Freund-Interim-Management-projekt-11.jpg\",\"width\":900,\"height\":400},{\"@type\":\"BreadcrumbList\",\"@id\":\"https:\/\/freund-interim.com\/it\/il-fornitore-giapponese-di-auto-in-italia-non-riesce-ad-aumentare-la-produzione\/#breadcrumb\",\"itemListElement\":[{\"@type\":\"ListItem\",\"position\":1,\"name\":\"Startseite\",\"item\":\"https:\/\/freund-interim.com\/it\/casa\/\"},{\"@type\":\"ListItem\",\"position\":2,\"name\":\"Il fornitore giapponese di auto in Italia non riesce ad aumentare la produzione.\"}]},{\"@type\":\"WebSite\",\"@id\":\"https:\/\/freund-interim.com\/it\/#website\",\"url\":\"https:\/\/freund-interim.com\/it\/\",\"name\":\"Oliver Freund\",\"description\":\"Interim Management\",\"publisher\":{\"@id\":\"https:\/\/freund-interim.com\/it\/#\/schema\/person\/8401dcfebe6e946cea922998fbabd2f4\"},\"alternateName\":\"Interim Management Finance\",\"potentialAction\":[{\"@type\":\"SearchAction\",\"target\":{\"@type\":\"EntryPoint\",\"urlTemplate\":\"https:\/\/freund-interim.com\/it\/?s={search_term_string}\"},\"query-input\":{\"@type\":\"PropertyValueSpecification\",\"valueRequired\":true,\"valueName\":\"search_term_string\"}}],\"inLanguage\":\"it-IT\"},{\"@type\":[\"Person\",\"Organization\"],\"@id\":\"https:\/\/freund-interim.com\/it\/#\/schema\/person\/8401dcfebe6e946cea922998fbabd2f4\",\"name\":\"Oliver\",\"image\":{\"@type\":\"ImageObject\",\"inLanguage\":\"it-IT\",\"@id\":\"https:\/\/freund-interim.com\/it\/#\/schema\/person\/image\/\",\"url\":\"https:\/\/freund-interim.com\/wp-content\/uploads\/2022\/10\/Oliver-Freund-Interim-Management-portrait.jpg\",\"contentUrl\":\"https:\/\/freund-interim.com\/wp-content\/uploads\/2022\/10\/Oliver-Freund-Interim-Management-portrait.jpg\",\"width\":2000,\"height\":1120,\"caption\":\"Oliver\"},\"logo\":{\"@id\":\"https:\/\/freund-interim.com\/it\/#\/schema\/person\/image\/\"},\"description\":\"Mein Name ist Oliver Freund. Ich bin Interim Executive und gehe als CFO, CEO oder Leiter PMO in Unternehmen, die international t\u00e4tig sind. Meine Auftraggeber sind produzierende Unternehmen -in erster Linie aus den Bereichen Automotive, Medizintechnik und High tech.\"},{\"@type\":\"Person\",\"@id\":\"https:\/\/freund-interim.com\/it\/#\/schema\/person\/908b5bfc34d016103c946ddbaea225d4\",\"name\":\"MothoMe\",\"image\":{\"@type\":\"ImageObject\",\"inLanguage\":\"it-IT\",\"@id\":\"https:\/\/freund-interim.com\/it\/#\/schema\/person\/image\/\",\"url\":\"https:\/\/secure.gravatar.com\/avatar\/d65deda8390e230920981ba6374841c0f0f25587cb67291e2bb0ee7da3363648?s=96&d=mm&r=g\",\"contentUrl\":\"https:\/\/secure.gravatar.com\/avatar\/d65deda8390e230920981ba6374841c0f0f25587cb67291e2bb0ee7da3363648?s=96&d=mm&r=g\",\"caption\":\"MothoMe\"},\"url\":\"https:\/\/freund-interim.com\/it\/author\/mothome\/\"}]}<\/script>\n<!-- \/ Yoast SEO plugin. -->","yoast_head_json":{"title":"| %","description":"Ha assunto la carica di Amministratore Delegato e di responsabile della BU, dopo aver effettuato con successo il turnaround dell'unit\u00e0. L'unit\u00e0 italiana di un Tier-1 giapponese nel settore elettrico\/elettronico mostra molti sintomi di non essere in grado di affrontare l'avviamento in serie di un OEM appena avviato.","robots":{"index":"index","follow":"follow","max-snippet":"max-snippet:-1","max-image-preview":"max-image-preview:large","max-video-preview":"max-video-preview:-1"},"canonical":"https:\/\/freund-interim.com\/it\/il-fornitore-giapponese-di-auto-in-italia-non-riesce-ad-aumentare-la-produzione\/","og_locale":"it_IT","og_type":"article","og_title":"| %","og_description":"Ha assunto la carica di Amministratore Delegato e di responsabile della BU, dopo aver effettuato con successo il turnaround dell'unit\u00e0. L'unit\u00e0 italiana di un Tier-1 giapponese nel settore elettrico\/elettronico mostra molti sintomi di non essere in grado di affrontare l'avviamento in serie di un OEM appena avviato.","og_url":"https:\/\/freund-interim.com\/it\/il-fornitore-giapponese-di-auto-in-italia-non-riesce-ad-aumentare-la-produzione\/","og_site_name":"Oliver Freund","article_published_time":"2022-10-16T15:01:38+00:00","article_modified_time":"2023-06-03T09:54:36+00:00","og_image":[{"width":900,"height":400,"url":"https:\/\/freund-interim.com\/wp-content\/uploads\/2022\/10\/Oliver-Freund-Interim-Management-projekt-11.jpg","type":"image\/jpeg"}],"author":"MothoMe","twitter_card":"summary_large_image","twitter_misc":{"Scritto da":"MothoMe","Tempo di lettura stimato":"1 minuto"},"schema":{"@context":"https:\/\/schema.org","@graph":[{"@type":"Article","@id":"https:\/\/freund-interim.com\/it\/il-fornitore-giapponese-di-auto-in-italia-non-riesce-ad-aumentare-la-produzione\/#article","isPartOf":{"@id":"https:\/\/freund-interim.com\/it\/il-fornitore-giapponese-di-auto-in-italia-non-riesce-ad-aumentare-la-produzione\/"},"author":{"name":"MothoMe","@id":"https:\/\/freund-interim.com\/it\/#\/schema\/person\/908b5bfc34d016103c946ddbaea225d4"},"headline":"Il fornitore giapponese di auto in Italia non riesce ad aumentare la produzione.","datePublished":"2022-10-16T15:01:38+00:00","dateModified":"2023-06-03T09:54:36+00:00","mainEntityOfPage":{"@id":"https:\/\/freund-interim.com\/it\/il-fornitore-giapponese-di-auto-in-italia-non-riesce-ad-aumentare-la-produzione\/"},"wordCount":301,"publisher":{"@id":"https:\/\/freund-interim.com\/it\/#\/schema\/person\/8401dcfebe6e946cea922998fbabd2f4"},"image":{"@id":"https:\/\/freund-interim.com\/it\/il-fornitore-giapponese-di-auto-in-italia-non-riesce-ad-aumentare-la-produzione\/#primaryimage"},"thumbnailUrl":"https:\/\/freund-interim.com\/wp-content\/uploads\/2022\/10\/Oliver-Freund-Interim-Management-projekt-11.jpg","articleSection":["Non categorizzato"],"inLanguage":"it-IT"},{"@type":"WebPage","@id":"https:\/\/freund-interim.com\/it\/il-fornitore-giapponese-di-auto-in-italia-non-riesce-ad-aumentare-la-produzione\/","url":"https:\/\/freund-interim.com\/it\/il-fornitore-giapponese-di-auto-in-italia-non-riesce-ad-aumentare-la-produzione\/","name":"| %","isPartOf":{"@id":"https:\/\/freund-interim.com\/it\/#website"},"primaryImageOfPage":{"@id":"https:\/\/freund-interim.com\/it\/il-fornitore-giapponese-di-auto-in-italia-non-riesce-ad-aumentare-la-produzione\/#primaryimage"},"image":{"@id":"https:\/\/freund-interim.com\/it\/il-fornitore-giapponese-di-auto-in-italia-non-riesce-ad-aumentare-la-produzione\/#primaryimage"},"thumbnailUrl":"https:\/\/freund-interim.com\/wp-content\/uploads\/2022\/10\/Oliver-Freund-Interim-Management-projekt-11.jpg","datePublished":"2022-10-16T15:01:38+00:00","dateModified":"2023-06-03T09:54:36+00:00","description":"Ha assunto la carica di Amministratore Delegato e di responsabile della BU, dopo aver effettuato con successo il turnaround dell'unit\u00e0. L'unit\u00e0 italiana di un Tier-1 giapponese nel settore elettrico\/elettronico mostra molti sintomi di non essere in grado di affrontare l'avviamento in serie di un OEM appena avviato.","breadcrumb":{"@id":"https:\/\/freund-interim.com\/it\/il-fornitore-giapponese-di-auto-in-italia-non-riesce-ad-aumentare-la-produzione\/#breadcrumb"},"inLanguage":"it-IT","potentialAction":[{"@type":"ReadAction","target":["https:\/\/freund-interim.com\/it\/il-fornitore-giapponese-di-auto-in-italia-non-riesce-ad-aumentare-la-produzione\/"]}]},{"@type":"ImageObject","inLanguage":"it-IT","@id":"https:\/\/freund-interim.com\/it\/il-fornitore-giapponese-di-auto-in-italia-non-riesce-ad-aumentare-la-produzione\/#primaryimage","url":"https:\/\/freund-interim.com\/wp-content\/uploads\/2022\/10\/Oliver-Freund-Interim-Management-projekt-11.jpg","contentUrl":"https:\/\/freund-interim.com\/wp-content\/uploads\/2022\/10\/Oliver-Freund-Interim-Management-projekt-11.jpg","width":900,"height":400},{"@type":"BreadcrumbList","@id":"https:\/\/freund-interim.com\/it\/il-fornitore-giapponese-di-auto-in-italia-non-riesce-ad-aumentare-la-produzione\/#breadcrumb","itemListElement":[{"@type":"ListItem","position":1,"name":"Startseite","item":"https:\/\/freund-interim.com\/it\/casa\/"},{"@type":"ListItem","position":2,"name":"Il fornitore giapponese di auto in Italia non riesce ad aumentare la produzione."}]},{"@type":"WebSite","@id":"https:\/\/freund-interim.com\/it\/#website","url":"https:\/\/freund-interim.com\/it\/","name":"Oliver Freund","description":"Interim Management","publisher":{"@id":"https:\/\/freund-interim.com\/it\/#\/schema\/person\/8401dcfebe6e946cea922998fbabd2f4"},"alternateName":"Interim Management Finance","potentialAction":[{"@type":"SearchAction","target":{"@type":"EntryPoint","urlTemplate":"https:\/\/freund-interim.com\/it\/?s={search_term_string}"},"query-input":{"@type":"PropertyValueSpecification","valueRequired":true,"valueName":"search_term_string"}}],"inLanguage":"it-IT"},{"@type":["Person","Organization"],"@id":"https:\/\/freund-interim.com\/it\/#\/schema\/person\/8401dcfebe6e946cea922998fbabd2f4","name":"Oliver","image":{"@type":"ImageObject","inLanguage":"it-IT","@id":"https:\/\/freund-interim.com\/it\/#\/schema\/person\/image\/","url":"https:\/\/freund-interim.com\/wp-content\/uploads\/2022\/10\/Oliver-Freund-Interim-Management-portrait.jpg","contentUrl":"https:\/\/freund-interim.com\/wp-content\/uploads\/2022\/10\/Oliver-Freund-Interim-Management-portrait.jpg","width":2000,"height":1120,"caption":"Oliver"},"logo":{"@id":"https:\/\/freund-interim.com\/it\/#\/schema\/person\/image\/"},"description":"Mein Name ist Oliver Freund. Ich bin Interim Executive und gehe als CFO, CEO oder Leiter PMO in Unternehmen, die international t\u00e4tig sind. Meine Auftraggeber sind produzierende Unternehmen -in erster Linie aus den Bereichen Automotive, Medizintechnik und High tech."},{"@type":"Person","@id":"https:\/\/freund-interim.com\/it\/#\/schema\/person\/908b5bfc34d016103c946ddbaea225d4","name":"MothoMe","image":{"@type":"ImageObject","inLanguage":"it-IT","@id":"https:\/\/freund-interim.com\/it\/#\/schema\/person\/image\/","url":"https:\/\/secure.gravatar.com\/avatar\/d65deda8390e230920981ba6374841c0f0f25587cb67291e2bb0ee7da3363648?s=96&d=mm&r=g","contentUrl":"https:\/\/secure.gravatar.com\/avatar\/d65deda8390e230920981ba6374841c0f0f25587cb67291e2bb0ee7da3363648?s=96&d=mm&r=g","caption":"MothoMe"},"url":"https:\/\/freund-interim.com\/it\/author\/mothome\/"}]}},"_links":{"self":[{"href":"https:\/\/freund-interim.com\/it\/wp-json\/wp\/v2\/posts\/3759","targetHints":{"allow":["GET"]}}],"collection":[{"href":"https:\/\/freund-interim.com\/it\/wp-json\/wp\/v2\/posts"}],"about":[{"href":"https:\/\/freund-interim.com\/it\/wp-json\/wp\/v2\/types\/post"}],"author":[{"embeddable":true,"href":"https:\/\/freund-interim.com\/it\/wp-json\/wp\/v2\/users\/1"}],"replies":[{"embeddable":true,"href":"https:\/\/freund-interim.com\/it\/wp-json\/wp\/v2\/comments?post=3759"}],"version-history":[{"count":1,"href":"https:\/\/freund-interim.com\/it\/wp-json\/wp\/v2\/posts\/3759\/revisions"}],"predecessor-version":[{"id":3760,"href":"https:\/\/freund-interim.com\/it\/wp-json\/wp\/v2\/posts\/3759\/revisions\/3760"}],"wp:featuredmedia":[{"embeddable":true,"href":"https:\/\/freund-interim.com\/it\/wp-json\/wp\/v2\/media\/3645"}],"wp:attachment":[{"href":"https:\/\/freund-interim.com\/it\/wp-json\/wp\/v2\/media?parent=3759"}],"wp:term":[{"taxonomy":"category","embeddable":true,"href":"https:\/\/freund-interim.com\/it\/wp-json\/wp\/v2\/categories?post=3759"},{"taxonomy":"post_tag","embeddable":true,"href":"https:\/\/freund-interim.com\/it\/wp-json\/wp\/v2\/tags?post=3759"}],"curies":[{"name":"wp","href":"https:\/\/api.w.org\/{rel}","templated":true}]}}